{"id":635,"date":"2024-06-24T16:08:43","date_gmt":"2024-06-24T19:08:43","guid":{"rendered":"https:\/\/blog.franciosi.com.br\/?p=635"},"modified":"2024-09-19T16:09:08","modified_gmt":"2024-09-19T19:09:08","slug":"alugar-imovel-comercial","status":"publish","type":"post","link":"https:\/\/blog.franciosi.com.br\/index.php\/2024\/06\/24\/alugar-imovel-comercial\/","title":{"rendered":"O que \u00e9 preciso para alugar um im\u00f3vel comercial?"},"content":{"rendered":"\n<p>Quando se trata de expandir ou iniciar um neg\u00f3cio, encontrar o im\u00f3vel comercial ideal \u00e9 uma etapa decisiva. Seja para abrir uma loja, um escrit\u00f3rio ou um restaurante, alugar um im\u00f3vel comercial requer planejamento e conhecimento.<\/p>\n\n\n\n<p>Neste artigo, vamos ajudar voc\u00ea a alugar um im\u00f3vel comercial de forma eficaz e tamb\u00e9m esclarecer as principais d\u00favidas que possam surgir. Boa leitura!<\/p>\n\n\n\n<ul class=\"wp-block-list\">\n<li><a href=\"#comprar\">Comprar ou alugar im\u00f3vel comercial<\/a><\/li>\n\n\n\n<li><a href=\"#como\">Como alugar um im\u00f3vel comercial<\/a><\/li>\n\n\n\n<li><a href=\"#duvidas\">D\u00favidas sobre loca\u00e7\u00e3o de im\u00f3vel comercial<\/a><\/li>\n<\/ul>\n\n\n\n<h2 class=\"wp-block-heading\" id=\"comprar\">Comprar ou alugar im\u00f3vel comercial?<\/h2>\n\n\n\n<p>Se voc\u00ea est\u00e1 em d\u00favida sobre comprar ou alugar um im\u00f3vel comercial, saiba que n\u00e3o existe uma resposta certa. Na verdade, existem diversos fatores que diferem de uma opera\u00e7\u00e3o para outra e cabe a voc\u00ea decidir qual se encaixa melhor nas suas expectativas e necessidades.<\/p>\n\n\n\n<p>Aqui est\u00e3o os principais pontos de diferen\u00e7a a serem observados:<\/p>\n\n\n\n<ul class=\"wp-block-list\">\n<li><strong>flexibilidade:<\/strong> alugar pode oferecer mais flexibilidade. Se as necessidades do seu neg\u00f3cio mudarem, voc\u00ea pode se mudar mais facilmente se estiver alugando;<\/li>\n\n\n\n<li><strong>custo inicial: <\/strong>comprar um im\u00f3vel geralmente requer um investimento inicial maior, incluindo o pagamento de um adiantamento. Alugar pode ter um custo inicial mais baixo;<\/li>\n\n\n\n<li><strong>manuten\u00e7\u00e3o:<\/strong> quando voc\u00ea possui um im\u00f3vel, \u00e9 respons\u00e1vel por todas as manuten\u00e7\u00f5es e reparos necess\u00e1rios. Se voc\u00ea est\u00e1 alugando, algumas dessas responsabilidades podem recair sobre o propriet\u00e1rio;<\/li>\n\n\n\n<li><strong>valoriza\u00e7\u00e3o do im\u00f3vel:<\/strong> se voc\u00ea comprar um im\u00f3vel em uma \u00e1rea que se valoriza ao longo do tempo, pode obter um retorno sobre o seu investimento se decidir vender o im\u00f3vel no futuro;<\/li>\n\n\n\n<li><strong>controle:<\/strong> comprar um im\u00f3vel d\u00e1 a voc\u00ea mais controle sobre o espa\u00e7o. Voc\u00ea pode fazer modifica\u00e7\u00f5es ou melhorias conforme necess\u00e1rio sem precisar de permiss\u00e3o do propriet\u00e1rio.<\/li>\n<\/ul>\n\n\n\n<p>Considerando os itens acima, ser\u00e1 mais f\u00e1cil decidir por qual modelo de investimento fazer. Se sua decis\u00e3o for alugar, continue conosco neste artigo.<\/p>\n\n\n\n<h2 id=\"como\"class=\"wp-block-heading\">Como alugar im\u00f3vel um comercial?<\/h2>\n\n\n\n<p>A seguir, voc\u00ea confere o passo a passo para alugar um im\u00f3vel comercial com praticidade e seguran\u00e7a!<\/p>\n\n\n\n<h3 class=\"wp-block-heading\">1. Defina suas necessidades<\/h3>\n\n\n\n<p>Antes de come\u00e7ar a procurar um im\u00f3vel, \u00e9 importante ter uma ideia clara do que voc\u00ea precisa. Isso inclui o tamanho do espa\u00e7o, a localiza\u00e7\u00e3o, o tipo de im\u00f3vel e o seu or\u00e7amento. Para facilitar sua decis\u00e3o, responda a essas perguntas:<\/p>\n\n\n\n<ol class=\"wp-block-list\">\n<li><strong>tipo de neg\u00f3cio:<\/strong> que tipo de espa\u00e7o o seu neg\u00f3cio requer? Um escrit\u00f3rio, uma loja, um restaurante, um dep\u00f3sito? Cada tipo de neg\u00f3cio ter\u00e1 requisitos diferentes.<\/li>\n\n\n\n<li><strong>localiza\u00e7\u00e3o:<\/strong> onde seus clientes est\u00e3o? Onde seus funcion\u00e1rios vivem? Voc\u00ea precisa de um local com alto tr\u00e1fego de pedestres, ou um local mais isolado \u00e9 adequado?<\/li>\n\n\n\n<li><strong>tamanho:<\/strong> quantos funcion\u00e1rios voc\u00ea tem? Seu neg\u00f3cio est\u00e1 planejando expandir no futuro pr\u00f3ximo? Certifique-se de que o espa\u00e7o possa acomodar tanto suas necessidades atuais quanto futuras.<\/li>\n\n\n\n<li><strong>layout:<\/strong> o espa\u00e7o precisa de salas privativas, ou um plano aberto funciona melhor? Voc\u00ea precisa de um espa\u00e7o para reuni\u00f5es ou confer\u00eancias?<\/li>\n\n\n\n<li><strong>instala\u00e7\u00f5es:<\/strong> voc\u00ea precisa de coisas como cozinha, banheiros, espa\u00e7o para armazenamento?<\/li>\n\n\n\n<li><strong>or\u00e7amento:<\/strong> quanto voc\u00ea pode pagar pelo aluguel, incluindo custos adicionais como utilidades, seguro e manuten\u00e7\u00e3o?<\/li>\n\n\n\n<li><strong>dura\u00e7\u00e3o do contrato:<\/strong> voc\u00ea est\u00e1 procurando um compromisso de longo prazo ou prefere a flexibilidade de um contrato de curto prazo?<\/li>\n\n\n\n<li><strong>restri\u00e7\u00f5es do local:<\/strong> existem restri\u00e7\u00f5es que podem afetar seu neg\u00f3cio, como regras de zoneamento ou restri\u00e7\u00f5es de condom\u00ednio?<\/li>\n<\/ol>\n\n\n\n<p>A partir das respostas, voc\u00ea ter\u00e1 uma defini\u00e7\u00e3o melhor sobre o que o im\u00f3vel ideal deve cumprir. Al\u00e9m disso, compartilhar essas informa\u00e7\u00f5es com seu corretor de im\u00f3veis pode economizar tempo e recursos, uma vez que ele ir\u00e1 filtrar as op\u00e7\u00f5es de acordo com sua necessidade.<\/p>\n\n\n\n<h3 class=\"wp-block-heading\">2. Pesquise o mercado<\/h3>\n\n\n\n<p>Uma vez que voc\u00ea saiba o que est\u00e1 procurando, comece a pesquisar im\u00f3veis que atendam \u00e0s suas necessidades. Voc\u00ea pode fazer isso online, contratar um corretor de im\u00f3veis ou ambos.No <a href=\"https:\/\/www.franciosi.com.br\/\" target=\"_blank\" rel=\"noreferrer noopener\">site da Franciosi<\/a>, voc\u00ea pode utilizar diversos filtros de busca para otimizar seus resultados. Mas, se preferir, tamb\u00e9m pode falar diretamente com nossos consultores por WhatsApp!<\/p>\n\n\n\n<figure class=\"wp-block-image size-full\"><a href=\"https:\/\/wa.me\/4415998602860\" target=\"_blank\" rel=\"noreferrer noopener\"><img loading=\"lazy\" decoding=\"async\" width=\"680\" height=\"290\" src=\"https:\/\/blog.franciosi.com.br\/wp-content\/uploads\/2024\/09\/whatsapp-franciosi.jpg\" alt=\"\" class=\"wp-image-637\" srcset=\"https:\/\/blog.franciosi.com.br\/wp-content\/uploads\/2024\/09\/whatsapp-franciosi.jpg 680w, https:\/\/blog.franciosi.com.br\/wp-content\/uploads\/2024\/09\/whatsapp-franciosi-300x128.jpg 300w\" sizes=\"auto, (max-width: 680px) 100vw, 680px\" \/><\/a><\/figure>\n\n\n\n<h3 class=\"wp-block-heading\">3. Visite os im\u00f3veis<\/h3>\n\n\n\n<p>Depois de encontrar alguns im\u00f3veis que parecem adequados, agende visitas para ver os espa\u00e7os pessoalmente. Isso lhe dar\u00e1 uma melhor ideia de como eles s\u00e3o e se atendem \u00e0s suas necessidades.<\/p>\n\n\n\n<p>N\u00e3o tenha medo de fazer perguntas ao corretor de im\u00f3veis ou ao propriet\u00e1rio. Eles est\u00e3o l\u00e1 para ajudar e podem fornecer informa\u00e7\u00f5es valiosas.<\/p>\n\n\n\n<h3 class=\"wp-block-heading\">4. Negocie o aluguel<\/h3>\n\n\n\n<p>Depois de escolher um im\u00f3vel, voc\u00ea precisar\u00e1 negociar o aluguel com o propriet\u00e1rio ou o corretor de im\u00f3veis. Isso pode incluir n\u00e3o apenas o pre\u00e7o do aluguel, mas tamb\u00e9m outros termos do contrato de loca\u00e7\u00e3o, como:<\/p>\n\n\n\n<ul class=\"wp-block-list\">\n<li>dura\u00e7\u00e3o do contrato de loca\u00e7\u00e3o;<\/li>\n\n\n\n<li>renova\u00e7\u00e3o do contrato;<\/li>\n\n\n\n<li>melhorias no im\u00f3vel;<\/li>\n\n\n\n<li>manuten\u00e7\u00e3o e reparos;<\/li>\n\n\n\n<li>condi\u00e7\u00f5es de rescis\u00e3o;<\/li>\n\n\n\n<li>garantias locat\u00edcias.<\/li>\n<\/ul>\n\n\n\n<p>Lembre-se, a negocia\u00e7\u00e3o \u00e9 um processo de dar e receber, e <strong>o objetivo deve ser chegar a um acordo que seja ben\u00e9fico para as duas partes<\/strong>. Portanto, \u00e9 importante entrar na negocia\u00e7\u00e3o com uma compreens\u00e3o clara do que \u00e9 mais importante para voc\u00ea e onde voc\u00ea pode estar disposto a ceder.<\/p>\n\n\n\n<h3 class=\"wp-block-heading\">5. Verifique os documentos<\/h3>\n\n\n\n<p>Antes de assinar o contrato de loca\u00e7\u00e3o, verifique todos os documentos e certifique-se de que voc\u00ea entende todos os termos e condi\u00e7\u00f5es. Se voc\u00ea tiver alguma d\u00favida, \u00e9 uma boa ideia consultar um advogado ou um profissional imobili\u00e1rio.<\/p>\n\n\n\n<p>O propriet\u00e1rio de um im\u00f3vel comercial geralmente precisa fornecer os seguintes documentos durante o processo de loca\u00e7\u00e3o:<\/p>\n\n\n\n<ul class=\"wp-block-list\">\n<li>Escritura do im\u00f3vel;<\/li>\n\n\n\n<li>Certid\u00e3o negativa de \u00f4nus reais;<\/li>\n\n\n\n<li>Certid\u00e3o negativa de IPTU;<\/li>\n\n\n\n<li>Laudo de vistoria do im\u00f3vel;<\/li>\n\n\n\n<li>Regulamento do condom\u00ednio e ata da \u00faltima assembleia (se aplic\u00e1vel);<\/li>\n\n\n\n<li>habite-se.<\/li>\n<\/ul>\n\n\n\n<h3 class=\"wp-block-heading\">6. Assine o contrato de loca\u00e7\u00e3o<\/h3>\n\n\n\n<p>Uma vez que tudo esteja em ordem, voc\u00ea pode assinar o contrato de loca\u00e7\u00e3o. Certifique-se de ter c\u00f3pias de todos os documentos para seus registros.<\/p>\n\n\n\n<h3 class=\"wp-block-heading\">7. Prepare o im\u00f3vel para uso<\/h3>\n\n\n\n<p>Depois de assinar o contrato de loca\u00e7\u00e3o, voc\u00ea precisar\u00e1 preparar o im\u00f3vel para uso. Isso pode incluir a realiza\u00e7\u00e3o de reformas ou modifica\u00e7\u00f5es, a obten\u00e7\u00e3o de permiss\u00f5es necess\u00e1rias e a mudan\u00e7a para o novo espa\u00e7o.<\/p>\n\n\n\n<h2 id=\"duvidas\"class=\"wp-block-heading\">D\u00favidas sobre loca\u00e7\u00e3o de im\u00f3vel comercial<\/h2>\n\n\n\n<p>A seguir, respondemos as principais perguntas que inquilinos e propriet\u00e1rios t\u00eam ao alugar um im\u00f3vel comercial.<\/p>\n\n\n\n<h3 class=\"wp-block-heading\">Qual o tempo m\u00ednimo de um contrato de loca\u00e7\u00e3o comercial?<\/h3>\n\n\n\n<p>De acordo com a Lei do Inquilinato (Lei n\u00ba 8.245\/91), um contrato de loca\u00e7\u00e3o comercial n\u00e3o tem prazo m\u00ednimo e deve ser acordado entre as partes no contrato.<\/p>\n\n\n\n<h3 class=\"wp-block-heading\">Quem \u00e9 respons\u00e1vel pelas manuten\u00e7\u00f5es do im\u00f3vel comercial alugado?<\/h3>\n\n\n\n<p>As responsabilidades de manuten\u00e7\u00e3o para um im\u00f3vel comercial alugado podem variar dependendo do contrato de loca\u00e7\u00e3o e das leis locais, mas geralmente s\u00e3o divididas entre o locat\u00e1rio e o locador da seguinte maneira:<\/p>\n\n\n\n<h4 class=\"wp-block-heading\"><strong>Responsabilidades do locador (propriet\u00e1rio)<\/strong><\/h4>\n\n\n\n<p>O locador geralmente \u00e9 respons\u00e1vel pelas <strong>manuten\u00e7\u00f5es e reparos estruturais do im\u00f3vel<\/strong>. Isso inclui:<\/p>\n\n\n\n<ul class=\"wp-block-list\">\n<li>sistema el\u00e9trico;<\/li>\n\n\n\n<li>encanamento;<\/li>\n\n\n\n<li>telhado;<\/li>\n\n\n\n<li>paredes;<\/li>\n\n\n\n<li>funda\u00e7\u00f5es.<\/li>\n<\/ul>\n\n\n\n<h4 class=\"wp-block-heading\"><strong>Responsabilidades do locat\u00e1rio (inquilino)<\/strong><\/h4>\n\n\n\n<p>J\u00e1 o inquilino \u00e9 respons\u00e1vel por manuten\u00e7\u00f5es, al\u00e9m de danos que causar no im\u00f3vel, como:<\/p>\n\n\n\n<ul class=\"wp-block-list\">\n<li>troca\/manuten\u00e7\u00e3o de l\u00e2mpadas, torneiras e fechaduras;<\/li>\n\n\n\n<li>reparos em equipamentos;<\/li>\n\n\n\n<li>manuten\u00e7\u00e3o de jardim (se houver);<\/li>\n\n\n\n<li>demais danos causados por uso.<\/li>\n<\/ul>\n\n\n\n<p>O propriet\u00e1rio pode pedir o im\u00f3vel comercial alugado de volta?<\/p>\n\n\n\n<p>Sim, o propriet\u00e1rio pode pedir o im\u00f3vel comercial alugado de volta, mas isso deve ser feito <strong>de acordo com as condi\u00e7\u00f5es estabelecidas no contrato de loca\u00e7\u00e3o e de acordo com as leis locais.<\/strong><\/p>\n\n\n\n<p>Em algumas situa\u00e7\u00f5es, o propriet\u00e1rio pode ter o direito de rescindir o contrato de loca\u00e7\u00e3o e pedir o im\u00f3vel de volta:<\/p>\n\n\n\n<ol class=\"wp-block-list\">\n<li><strong>fim do prazo de loca\u00e7\u00e3o:<\/strong> no final do prazo de loca\u00e7\u00e3o acordado, o propriet\u00e1rio pode optar por n\u00e3o renovar o contrato;<\/li>\n\n\n\n<li><strong>viola\u00e7\u00e3o do contrato pelo inquilino:<\/strong> se o inquilino violar os termos do contrato de loca\u00e7\u00e3o (por exemplo, n\u00e3o pagar o aluguel, usar o im\u00f3vel para um prop\u00f3sito n\u00e3o autorizado), o propriet\u00e1rio pode ter o direito de rescindir o contrato;<\/li>\n\n\n\n<li><strong>necessidade pessoal:<\/strong> ao final do prazo contratual, o propriet\u00e1rio pode ter o direito de rescindir o contrato se precisar do im\u00f3vel para uso pessoal. As leis e condi\u00e7\u00f5es espec\u00edficas para isso variam;<\/li>\n\n\n\n<li><strong>venda do im\u00f3vel:<\/strong> se o propriet\u00e1rio vender o im\u00f3vel, o novo propriet\u00e1rio pode ter o direito de rescindir o contrato de loca\u00e7\u00e3o, dependendo dos termos do contrato de loca\u00e7\u00e3o.<\/li>\n<\/ol>\n\n\n\n<p>\u00c9 importante notar que, em todas essas situa\u00e7\u00f5es, <strong>o propriet\u00e1rio precisa fornecer ao inquilino um aviso pr\u00e9vio adequado<\/strong>. Al\u00e9m disso, se o contrato de loca\u00e7\u00e3o contiver uma cl\u00e1usula de vig\u00eancia em caso de aliena\u00e7\u00e3o e estiver averbado junto \u00e0 matr\u00edcula do im\u00f3vel, o novo propriet\u00e1rio n\u00e3o poder\u00e1 denunciar o contrato, conforme mencionado na informa\u00e7\u00e3o adicional fornecida.<\/p>\n\n\n\n<h2 class=\"wp-block-heading\">Quer alugar um im\u00f3vel comercial em Itapetininga?<\/h2>\n\n\n\n<p>Ap\u00f3s ler este artigo, tenho certeza de que voc\u00ea est\u00e1 muito mais seguro sobre o que precisa para alugar um im\u00f3vel comercial. E, para que essa etapa seja pr\u00e1tica, transparente e ainda mais segura, conte com a Franciosi!<\/p>\n\n\n\n<p>Contamos com im\u00f3veis para loca\u00e7\u00e3o que atendem a diversos perfis de neg\u00f3cio. <a href=\"https:\/\/wa.me\/4415998602860\" target=\"_blank\" rel=\"noreferrer noopener\">Fale com nossa especialista em loca\u00e7\u00e3o comercial<\/a> e vamos, juntos, encontrar a melhor op\u00e7\u00e3o para voc\u00ea!<\/p>\n\n\n\n<figure class=\"wp-block-image size-full\"><a href=\"https:\/\/www.franciosi.com.br\/\" target=\"_blank\" rel=\"noreferrer noopener\"><img loading=\"lazy\" decoding=\"async\" width=\"680\" height=\"290\" src=\"https:\/\/blog.franciosi.com.br\/wp-content\/uploads\/2024\/09\/alugar-imovel-comercial-1.jpg\" alt=\"\" class=\"wp-image-638\" srcset=\"https:\/\/blog.franciosi.com.br\/wp-content\/uploads\/2024\/09\/alugar-imovel-comercial-1.jpg 680w, https:\/\/blog.franciosi.com.br\/wp-content\/uploads\/2024\/09\/alugar-imovel-comercial-1-300x128.jpg 300w\" sizes=\"auto, (max-width: 680px) 100vw, 680px\" \/><\/a><\/figure>\n<div class=\"fcbkbttn_buttons_block\" id=\"fcbkbttn_left\"><div class=\"fcbkbttn_like \"><fb:like href=\"https:\/\/blog.franciosi.com.br\/index.php\/2024\/06\/24\/alugar-imovel-comercial\/\" action=\"like\" colorscheme=\"light\" layout=\"standard\" show-faces='false' width=\"225px\" size=\"small\"><\/fb:like><\/div><div class=\"fb-share-button  \" data-href=\"https:\/\/blog.franciosi.com.br\/index.php\/2024\/06\/24\/alugar-imovel-comercial\/\" data-type=\"button_count\" data-size=\"small\"><\/div><\/div>","protected":false},"excerpt":{"rendered":"<p>Quando se trata de expandir ou iniciar um neg\u00f3cio, encontrar o im\u00f3vel comercial ideal \u00e9 uma etapa decisiva. Seja para abrir uma loja, um escrit\u00f3rio ou um restaurante, alugar um im\u00f3vel comercial requer planejamento e conhecimento. Neste artigo, vamos ajudar voc\u00ea a alugar um im\u00f3vel comercial de forma eficaz e tamb\u00e9m esclarecer as principais d\u00favidas [&hellip;]<\/p>\n","protected":false},"author":1,"featured_media":641,"comment_status":"open","ping_status":"open","sticky":false,"template":"","format":"standard","meta":{"footnotes":""},"categories":[55],"tags":[],"class_list":["post-635","post","type-post","status-publish","format-standard","has-post-thumbnail","hentry","category-imoveis-comerciais"],"yoast_head":"<!-- This site is optimized with the Yoast SEO plugin v23.4 - https:\/\/yoast.com\/wordpress\/plugins\/seo\/ -->\n<title>O que \u00e9 preciso para alugar um im\u00f3vel comercial?<\/title>\n<meta name=\"description\" content=\"Guia completo para alugar im\u00f3vel comercial: processo descomplicado, dicas de negocia\u00e7\u00e3o e respostas \u00e0s d\u00favidas mais comuns.\" \/>\n<meta name=\"robots\" content=\"index, follow, max-snippet:-1, max-image-preview:large, max-video-preview:-1\" \/>\n<link rel=\"canonical\" href=\"https:\/\/blog.franciosi.com.br\/index.php\/2024\/06\/24\/alugar-imovel-comercial\/\" \/>\n<meta property=\"og:locale\" content=\"en_US\" \/>\n<meta property=\"og:type\" content=\"article\" \/>\n<meta property=\"og:title\" content=\"O que \u00e9 preciso para alugar um im\u00f3vel comercial?\" \/>\n<meta property=\"og:description\" content=\"Guia completo para alugar im\u00f3vel comercial!\" \/>\n<meta property=\"og:url\" content=\"https:\/\/blog.franciosi.com.br\/index.php\/2024\/06\/24\/alugar-imovel-comercial\/\" \/>\n<meta property=\"og:site_name\" content=\"Franciosi Im\u00f3veis\" \/>\n<meta property=\"article:published_time\" content=\"2024-06-24T19:08:43+00:00\" \/>\n<meta property=\"article:modified_time\" content=\"2024-09-19T19:09:08+00:00\" \/>\n<meta property=\"og:image\" content=\"https:\/\/blog.franciosi.com.br\/wp-content\/uploads\/2024\/09\/alugar-imovel-comerciall_facebook.jpg\" \/>\n\t<meta property=\"og:image:width\" content=\"1200\" \/>\n\t<meta property=\"og:image:height\" content=\"630\" \/>\n\t<meta property=\"og:image:type\" content=\"image\/jpeg\" \/>\n<meta name=\"author\" content=\"blog\" \/>\n<meta name=\"twitter:card\" content=\"summary_large_image\" \/>\n<meta name=\"twitter:title\" content=\"O que \u00e9 preciso para alugar um im\u00f3vel comercial?\" \/>\n<meta name=\"twitter:description\" content=\"Guia completo para alugar im\u00f3vel comercial: processo descomplicado, dicas de negocia\u00e7\u00e3o e respostas \u00e0s d\u00favidas mais comuns.\" \/>\n<meta name=\"twitter:image\" content=\"https:\/\/blog.franciosi.com.br\/wp-content\/uploads\/2024\/09\/alugar-imovel-comercial_twitter.jpg\" \/>\n<meta name=\"twitter:label1\" content=\"Written by\" \/>\n\t<meta name=\"twitter:data1\" content=\"blog\" \/>\n\t<meta name=\"twitter:label2\" content=\"Est. reading time\" \/>\n\t<meta name=\"twitter:data2\" content=\"7 minutes\" \/>\n<script type=\"application\/ld+json\" class=\"yoast-schema-graph\">{\"@context\":\"https:\/\/schema.org\",\"@graph\":[{\"@type\":\"WebPage\",\"@id\":\"https:\/\/blog.franciosi.com.br\/index.php\/2024\/06\/24\/alugar-imovel-comercial\/\",\"url\":\"https:\/\/blog.franciosi.com.br\/index.php\/2024\/06\/24\/alugar-imovel-comercial\/\",\"name\":\"O que \u00e9 preciso para alugar um im\u00f3vel comercial?\",\"isPartOf\":{\"@id\":\"https:\/\/blog.franciosi.com.br\/#website\"},\"primaryImageOfPage\":{\"@id\":\"https:\/\/blog.franciosi.com.br\/index.php\/2024\/06\/24\/alugar-imovel-comercial\/#primaryimage\"},\"image\":{\"@id\":\"https:\/\/blog.franciosi.com.br\/index.php\/2024\/06\/24\/alugar-imovel-comercial\/#primaryimage\"},\"thumbnailUrl\":\"https:\/\/blog.franciosi.com.br\/wp-content\/uploads\/2024\/09\/alugar-imovel-comercial.jpg\",\"datePublished\":\"2024-06-24T19:08:43+00:00\",\"dateModified\":\"2024-09-19T19:09:08+00:00\",\"author\":{\"@id\":\"https:\/\/blog.franciosi.com.br\/#\/schema\/person\/9f361c1768f3bfa0be19b3dac063a1c2\"},\"description\":\"Guia completo para alugar im\u00f3vel comercial: processo descomplicado, dicas de negocia\u00e7\u00e3o e respostas \u00e0s d\u00favidas mais comuns.\",\"breadcrumb\":{\"@id\":\"https:\/\/blog.franciosi.com.br\/index.php\/2024\/06\/24\/alugar-imovel-comercial\/#breadcrumb\"},\"inLanguage\":\"en-US\",\"potentialAction\":[{\"@type\":\"ReadAction\",\"target\":[\"https:\/\/blog.franciosi.com.br\/index.php\/2024\/06\/24\/alugar-imovel-comercial\/\"]}]},{\"@type\":\"ImageObject\",\"inLanguage\":\"en-US\",\"@id\":\"https:\/\/blog.franciosi.com.br\/index.php\/2024\/06\/24\/alugar-imovel-comercial\/#primaryimage\",\"url\":\"https:\/\/blog.franciosi.com.br\/wp-content\/uploads\/2024\/09\/alugar-imovel-comercial.jpg\",\"contentUrl\":\"https:\/\/blog.franciosi.com.br\/wp-content\/uploads\/2024\/09\/alugar-imovel-comercial.jpg\",\"width\":720,\"height\":480},{\"@type\":\"BreadcrumbList\",\"@id\":\"https:\/\/blog.franciosi.com.br\/index.php\/2024\/06\/24\/alugar-imovel-comercial\/#breadcrumb\",\"itemListElement\":[{\"@type\":\"ListItem\",\"position\":1,\"name\":\"Home\",\"item\":\"https:\/\/blog.franciosi.com.br\/\"},{\"@type\":\"ListItem\",\"position\":2,\"name\":\"O que \u00e9 preciso para alugar um im\u00f3vel comercial?\"}]},{\"@type\":\"WebSite\",\"@id\":\"https:\/\/blog.franciosi.com.br\/#website\",\"url\":\"https:\/\/blog.franciosi.com.br\/\",\"name\":\"Franciosi Im\u00f3veis\",\"description\":\"Imobili\u00e1ria\",\"potentialAction\":[{\"@type\":\"SearchAction\",\"target\":{\"@type\":\"EntryPoint\",\"urlTemplate\":\"https:\/\/blog.franciosi.com.br\/?s={search_term_string}\"},\"query-input\":{\"@type\":\"PropertyValueSpecification\",\"valueRequired\":true,\"valueName\":\"search_term_string\"}}],\"inLanguage\":\"en-US\"},{\"@type\":\"Person\",\"@id\":\"https:\/\/blog.franciosi.com.br\/#\/schema\/person\/9f361c1768f3bfa0be19b3dac063a1c2\",\"name\":\"blog\",\"image\":{\"@type\":\"ImageObject\",\"inLanguage\":\"en-US\",\"@id\":\"https:\/\/blog.franciosi.com.br\/#\/schema\/person\/image\/\",\"url\":\"https:\/\/secure.gravatar.com\/avatar\/5edb93eb3c6524e62c5747a3f6aeebe01c420c0278901ac4f66dd00a041ba101?s=96&d=mm&r=g\",\"contentUrl\":\"https:\/\/secure.gravatar.com\/avatar\/5edb93eb3c6524e62c5747a3f6aeebe01c420c0278901ac4f66dd00a041ba101?s=96&d=mm&r=g\",\"caption\":\"blog\"},\"sameAs\":[\"http:\/\/blog.franciosi.com.br\"],\"url\":\"https:\/\/blog.franciosi.com.br\/index.php\/author\/blog\/\"}]}<\/script>\n<!-- \/ Yoast SEO plugin. -->","yoast_head_json":{"title":"O que \u00e9 preciso para alugar um im\u00f3vel comercial?","description":"Guia completo para alugar im\u00f3vel comercial: processo descomplicado, dicas de negocia\u00e7\u00e3o e respostas \u00e0s d\u00favidas mais comuns.","robots":{"index":"index","follow":"follow","max-snippet":"max-snippet:-1","max-image-preview":"max-image-preview:large","max-video-preview":"max-video-preview:-1"},"canonical":"https:\/\/blog.franciosi.com.br\/index.php\/2024\/06\/24\/alugar-imovel-comercial\/","og_locale":"en_US","og_type":"article","og_title":"O que \u00e9 preciso para alugar um im\u00f3vel comercial?","og_description":"Guia completo para alugar im\u00f3vel comercial!","og_url":"https:\/\/blog.franciosi.com.br\/index.php\/2024\/06\/24\/alugar-imovel-comercial\/","og_site_name":"Franciosi Im\u00f3veis","article_published_time":"2024-06-24T19:08:43+00:00","article_modified_time":"2024-09-19T19:09:08+00:00","og_image":[{"width":1200,"height":630,"url":"https:\/\/blog.franciosi.com.br\/wp-content\/uploads\/2024\/09\/alugar-imovel-comerciall_facebook.jpg","type":"image\/jpeg"}],"author":"blog","twitter_card":"summary_large_image","twitter_title":"O que \u00e9 preciso para alugar um im\u00f3vel comercial?","twitter_description":"Guia completo para alugar im\u00f3vel comercial: processo descomplicado, dicas de negocia\u00e7\u00e3o e respostas \u00e0s d\u00favidas mais comuns.","twitter_image":"https:\/\/blog.franciosi.com.br\/wp-content\/uploads\/2024\/09\/alugar-imovel-comercial_twitter.jpg","twitter_misc":{"Written by":"blog","Est. reading time":"7 minutes"},"schema":{"@context":"https:\/\/schema.org","@graph":[{"@type":"WebPage","@id":"https:\/\/blog.franciosi.com.br\/index.php\/2024\/06\/24\/alugar-imovel-comercial\/","url":"https:\/\/blog.franciosi.com.br\/index.php\/2024\/06\/24\/alugar-imovel-comercial\/","name":"O que \u00e9 preciso para alugar um im\u00f3vel comercial?","isPartOf":{"@id":"https:\/\/blog.franciosi.com.br\/#website"},"primaryImageOfPage":{"@id":"https:\/\/blog.franciosi.com.br\/index.php\/2024\/06\/24\/alugar-imovel-comercial\/#primaryimage"},"image":{"@id":"https:\/\/blog.franciosi.com.br\/index.php\/2024\/06\/24\/alugar-imovel-comercial\/#primaryimage"},"thumbnailUrl":"https:\/\/blog.franciosi.com.br\/wp-content\/uploads\/2024\/09\/alugar-imovel-comercial.jpg","datePublished":"2024-06-24T19:08:43+00:00","dateModified":"2024-09-19T19:09:08+00:00","author":{"@id":"https:\/\/blog.franciosi.com.br\/#\/schema\/person\/9f361c1768f3bfa0be19b3dac063a1c2"},"description":"Guia completo para alugar im\u00f3vel comercial: processo descomplicado, dicas de negocia\u00e7\u00e3o e respostas \u00e0s d\u00favidas mais comuns.","breadcrumb":{"@id":"https:\/\/blog.franciosi.com.br\/index.php\/2024\/06\/24\/alugar-imovel-comercial\/#breadcrumb"},"inLanguage":"en-US","potentialAction":[{"@type":"ReadAction","target":["https:\/\/blog.franciosi.com.br\/index.php\/2024\/06\/24\/alugar-imovel-comercial\/"]}]},{"@type":"ImageObject","inLanguage":"en-US","@id":"https:\/\/blog.franciosi.com.br\/index.php\/2024\/06\/24\/alugar-imovel-comercial\/#primaryimage","url":"https:\/\/blog.franciosi.com.br\/wp-content\/uploads\/2024\/09\/alugar-imovel-comercial.jpg","contentUrl":"https:\/\/blog.franciosi.com.br\/wp-content\/uploads\/2024\/09\/alugar-imovel-comercial.jpg","width":720,"height":480},{"@type":"BreadcrumbList","@id":"https:\/\/blog.franciosi.com.br\/index.php\/2024\/06\/24\/alugar-imovel-comercial\/#breadcrumb","itemListElement":[{"@type":"ListItem","position":1,"name":"Home","item":"https:\/\/blog.franciosi.com.br\/"},{"@type":"ListItem","position":2,"name":"O que \u00e9 preciso para alugar um im\u00f3vel comercial?"}]},{"@type":"WebSite","@id":"https:\/\/blog.franciosi.com.br\/#website","url":"https:\/\/blog.franciosi.com.br\/","name":"Franciosi Im\u00f3veis","description":"Imobili\u00e1ria","potentialAction":[{"@type":"SearchAction","target":{"@type":"EntryPoint","urlTemplate":"https:\/\/blog.franciosi.com.br\/?s={search_term_string}"},"query-input":{"@type":"PropertyValueSpecification","valueRequired":true,"valueName":"search_term_string"}}],"inLanguage":"en-US"},{"@type":"Person","@id":"https:\/\/blog.franciosi.com.br\/#\/schema\/person\/9f361c1768f3bfa0be19b3dac063a1c2","name":"blog","image":{"@type":"ImageObject","inLanguage":"en-US","@id":"https:\/\/blog.franciosi.com.br\/#\/schema\/person\/image\/","url":"https:\/\/secure.gravatar.com\/avatar\/5edb93eb3c6524e62c5747a3f6aeebe01c420c0278901ac4f66dd00a041ba101?s=96&d=mm&r=g","contentUrl":"https:\/\/secure.gravatar.com\/avatar\/5edb93eb3c6524e62c5747a3f6aeebe01c420c0278901ac4f66dd00a041ba101?s=96&d=mm&r=g","caption":"blog"},"sameAs":["http:\/\/blog.franciosi.com.br"],"url":"https:\/\/blog.franciosi.com.br\/index.php\/author\/blog\/"}]}},"_links":{"self":[{"href":"https:\/\/blog.franciosi.com.br\/index.php\/wp-json\/wp\/v2\/posts\/635","targetHints":{"allow":["GET"]}}],"collection":[{"href":"https:\/\/blog.franciosi.com.br\/index.php\/wp-json\/wp\/v2\/posts"}],"about":[{"href":"https:\/\/blog.franciosi.com.br\/index.php\/wp-json\/wp\/v2\/types\/post"}],"author":[{"embeddable":true,"href":"https:\/\/blog.franciosi.com.br\/index.php\/wp-json\/wp\/v2\/users\/1"}],"replies":[{"embeddable":true,"href":"https:\/\/blog.franciosi.com.br\/index.php\/wp-json\/wp\/v2\/comments?post=635"}],"version-history":[{"count":1,"href":"https:\/\/blog.franciosi.com.br\/index.php\/wp-json\/wp\/v2\/posts\/635\/revisions"}],"predecessor-version":[{"id":642,"href":"https:\/\/blog.franciosi.com.br\/index.php\/wp-json\/wp\/v2\/posts\/635\/revisions\/642"}],"wp:featuredmedia":[{"embeddable":true,"href":"https:\/\/blog.franciosi.com.br\/index.php\/wp-json\/wp\/v2\/media\/641"}],"wp:attachment":[{"href":"https:\/\/blog.franciosi.com.br\/index.php\/wp-json\/wp\/v2\/media?parent=635"}],"wp:term":[{"taxonomy":"category","embeddable":true,"href":"https:\/\/blog.franciosi.com.br\/index.php\/wp-json\/wp\/v2\/categories?post=635"},{"taxonomy":"post_tag","embeddable":true,"href":"https:\/\/blog.franciosi.com.br\/index.php\/wp-json\/wp\/v2\/tags?post=635"}],"curies":[{"name":"wp","href":"https:\/\/api.w.org\/{rel}","templated":true}]}}